{"id":303,"date":"2018-08-10T08:47:15","date_gmt":"2018-08-10T08:47:15","guid":{"rendered":"http:\/\/www.lukeslegal.cz\/?p=303"},"modified":"2018-08-20T14:59:31","modified_gmt":"2018-08-20T14:59:31","slug":"predkupni-pravo-ke-spoluvlastnickemu-podilu-na-nemovite-veci","status":"publish","type":"post","link":"https:\/\/www.lukeslegal.cz\/index.php\/2018\/08\/10\/predkupni-pravo-ke-spoluvlastnickemu-podilu-na-nemovite-veci\/","title":{"rendered":"P\u0159edkupn\u00ed pr\u00e1vo ke spoluvlastnick\u00e9mu pod\u00edlu na nemovit\u00e9 v\u011bci"},"content":{"rendered":"<p>Dnem 1.1.2018 nabyla \u00fa\u010dinnosti zm\u011bna ustanoven\u00ed \u00a71124 ob\u010dansk\u00e9ho z\u00e1kon\u00edku, proveden\u00e1 z\u00e1konem \u010d. 460\/2016 Sb. Podle nov\u00e9ho zn\u011bn\u00ed ustanoven\u00ed \u00a71124 odst. 1 ob\u010dansk\u00e9ho z\u00e1kon\u00edku maj\u00ed spoluvlastn\u00edci p\u0159edkupn\u00ed pr\u00e1vo, p\u0159ev\u00e1d\u00ed-li se spoluvlastnick\u00fd pod\u00edl na nemovit\u00e9 v\u011bci, leda\u017ee jde o p\u0159evod osob\u011b bl\u00edzk\u00e9. Nov\u00fd ob\u010dansk\u00fd z\u00e1kon\u00edk v\u00a0p\u016fvodn\u00edm zn\u011bn\u00ed k\u00a01.1.2014 z\u00e1konn\u00e9 p\u0159edkupn\u00ed pr\u00e1vo v\u00fdznamn\u011b omezoval na ur\u010dit\u00e9 podm\u00ednky, nov\u00e9 zn\u011bn\u00ed zav\u00e1d\u00ed p\u0159edkupn\u00ed pr\u00e1vo op\u011bt pro spoluvlastnick\u00fd pod\u00edl k nemovit\u00e9 v\u011bci bez dal\u0161\u00edch podm\u00ednek, a to i pro bez\u00faplatn\u00fd p\u0159evod, s\u00a0v\u00fdjimkou p\u0159evodu osob\u011b bl\u00edzk\u00e9.<\/p>\n","protected":false},"excerpt":{"rendered":"<p>Dnem 1.1.2018 nabyla \u00fa\u010dinnosti zm\u011bna ustanoven\u00ed \u00a71124 ob\u010dansk\u00e9ho z\u00e1kon\u00edku, proveden\u00e1 z\u00e1konem \u010d. 460\/2016 Sb. Podle nov\u00e9ho zn\u011bn\u00ed ustanoven\u00ed \u00a71124 odst. 1 ob\u010dansk\u00e9ho z\u00e1kon\u00edku maj\u00ed spoluvlastn\u00edci p\u0159edkupn\u00ed pr\u00e1vo, p\u0159ev\u00e1d\u00ed-li se spoluvlastnick\u00fd pod\u00edl na nemovit\u00e9 v\u011bci, leda\u017ee jde o p\u0159evod osob\u011b bl\u00edzk\u00e9. Nov\u00fd ob\u010dansk\u00fd z\u00e1kon\u00edk v\u00a0p\u016fvodn\u00edm zn\u011bn\u00ed k\u00a01.1.2014 z\u00e1konn\u00e9 p\u0159edkupn\u00ed pr\u00e1vo v\u00fdznamn\u011b omezoval na ur\u010dit\u00e9 podm\u00ednky, nov\u00e9 &hellip; <a href=\"https:\/\/www.lukeslegal.cz\/index.php\/2018\/08\/10\/predkupni-pravo-ke-spoluvlastnickemu-podilu-na-nemovite-veci\/\" class=\"more-link\">Continue reading <span class=\"screen-reader-text\">P\u0159edkupn\u00ed pr\u00e1vo ke spoluvlastnick\u00e9mu pod\u00edlu na nemovit\u00e9 v\u011bci<\/span><\/a><\/p>\n","protected":false},"author":1,"featured_media":0,"comment_status":"open","ping_status":"open","sticky":false,"template":"","format":"standard","meta":[],"categories":[6],"tags":[18,16,17],"yst_prominent_words":[],"_links":{"self":[{"href":"https:\/\/www.lukeslegal.cz\/index.php\/wp-json\/wp\/v2\/posts\/303"}],"collection":[{"href":"https:\/\/www.lukeslegal.cz\/index.php\/wp-json\/wp\/v2\/posts"}],"about":[{"href":"https:\/\/www.lukeslegal.cz\/index.php\/wp-json\/wp\/v2\/types\/post"}],"author":[{"embeddable":true,"href":"https:\/\/www.lukeslegal.cz\/index.php\/wp-json\/wp\/v2\/users\/1"}],"replies":[{"embeddable":true,"href":"https:\/\/www.lukeslegal.cz\/index.php\/wp-json\/wp\/v2\/comments?post=303"}],"version-history":[{"count":1,"href":"https:\/\/www.lukeslegal.cz\/index.php\/wp-json\/wp\/v2\/posts\/303\/revisions"}],"predecessor-version":[{"id":304,"href":"https:\/\/www.lukeslegal.cz\/index.php\/wp-json\/wp\/v2\/posts\/303\/revisions\/304"}],"wp:attachment":[{"href":"https:\/\/www.lukeslegal.cz\/index.php\/wp-json\/wp\/v2\/media?parent=303"}],"wp:term":[{"taxonomy":"category","embeddable":true,"href":"https:\/\/www.lukeslegal.cz\/index.php\/wp-json\/wp\/v2\/categories?post=303"},{"taxonomy":"post_tag","embeddable":true,"href":"https:\/\/www.lukeslegal.cz\/index.php\/wp-json\/wp\/v2\/tags?post=303"},{"taxonomy":"yst_prominent_words","embeddable":true,"href":"https:\/\/www.lukeslegal.cz\/index.php\/wp-json\/wp\/v2\/yst_prominent_words?post=303"}],"curies":[{"name":"wp","href":"https:\/\/api.w.org\/{rel}","templated":true}]}}